{"id":408,"date":"2022-02-15T12:20:11","date_gmt":"2022-02-15T11:20:11","guid":{"rendered":"https:\/\/www.lesmotsdecapucine.fr\/?p=408"},"modified":"2022-02-15T12:20:11","modified_gmt":"2022-02-15T11:20:11","slug":"la-constellation-familiale","status":"publish","type":"post","link":"https:\/\/www.lesmotsdecapucine.fr\/index.php\/2022\/02\/15\/la-constellation-familiale\/","title":{"rendered":"La constellation familiale"},"content":{"rendered":"\n<p>La constellation familiale est une m\u00e9thode de th\u00e9rapie familiale qui met en sc\u00e8ne les acteurs de l&rsquo;arbre g\u00e9n\u00e9alogique.<br>Un peu d&rsquo;histoire : JL. Moreno, \u00e0 la suite de l&rsquo;Ecole de Palo Alto aux USA, d\u00e9veloppe \u00ab\u00a0la sculpture familiale\u00a0\u00bb, m\u00e9thode qui repr\u00e9sente une famille r\u00e9elle.<br>Gregory Batson et Don D. Jackon mettent en avant le dysfonctionnement de la communication dans les familles et la n\u00e9cessit\u00e9 vitale de maintenir l&rsquo;\u00e9quilibre dans le syst\u00e8me familial.<br>En 1980 Bert Hellinger propose la constellation familiale&#8230;<\/p>\n","protected":false},"excerpt":{"rendered":"<p>La constellation familiale est une m\u00e9thode de th\u00e9rapie familiale qui met en sc\u00e8ne les acteurs de l&rsquo;arbre g\u00e9n\u00e9alogique.Un peu d&rsquo;histoire : JL. Moreno, \u00e0 la suite de l&rsquo;Ecole de Palo Alto aux USA, d\u00e9veloppe \u00ab\u00a0la sculpture familiale\u00a0\u00bb, m\u00e9thode qui repr\u00e9sente une famille r\u00e9elle.Gregory Batson et Don D. Jackon mettent en avant le dysfonctionnement de la&hellip; <br \/> <a class=\"button small blue\" href=\"https:\/\/www.lesmotsdecapucine.fr\/index.php\/2022\/02\/15\/la-constellation-familiale\/\">Lire la suite<\/a><\/p>\n","protected":false},"author":1,"featured_media":0,"comment_status":"closed","ping_status":"open","sticky":false,"template":"","format":"standard","meta":{"_uag_custom_page_level_css":"","footnotes":""},"categories":[1],"tags":[],"class_list":["post-408","post","type-post","status-publish","format-standard","hentry","category-non-classe"],"uagb_featured_image_src":{"full":false,"thumbnail":false,"medium":false,"medium_large":false,"large":false,"1536x1536":false,"2048x2048":false,"post-thumbnail":false,"one-page-express-full-hd":false},"uagb_author_info":{"display_name":"Les Mots de Capucine","author_link":"https:\/\/www.lesmotsdecapucine.fr\/index.php\/author\/admin92350\/"},"uagb_comment_info":1,"uagb_excerpt":"La constellation familiale est une m\u00e9thode de th\u00e9rapie familiale qui met en sc\u00e8ne les acteurs de l&rsquo;arbre g\u00e9n\u00e9alogique.Un peu d&rsquo;histoire : JL. Moreno, \u00e0 la suite de l&rsquo;Ecole de Palo Alto aux USA, d\u00e9veloppe \u00ab\u00a0la sculpture familiale\u00a0\u00bb, m\u00e9thode qui repr\u00e9sente une famille r\u00e9elle.Gregory Batson et Don D. Jackon mettent en avant le dysfonctionnement de la&hellip;\u2026","_links":{"self":[{"href":"https:\/\/www.lesmotsdecapucine.fr\/index.php\/wp-json\/wp\/v2\/posts\/408","targetHints":{"allow":["GET"]}}],"collection":[{"href":"https:\/\/www.lesmotsdecapucine.fr\/index.php\/wp-json\/wp\/v2\/posts"}],"about":[{"href":"https:\/\/www.lesmotsdecapucine.fr\/index.php\/wp-json\/wp\/v2\/types\/post"}],"author":[{"embeddable":true,"href":"https:\/\/www.lesmotsdecapucine.fr\/index.php\/wp-json\/wp\/v2\/users\/1"}],"replies":[{"embeddable":true,"href":"https:\/\/www.lesmotsdecapucine.fr\/index.php\/wp-json\/wp\/v2\/comments?post=408"}],"version-history":[{"count":1,"href":"https:\/\/www.lesmotsdecapucine.fr\/index.php\/wp-json\/wp\/v2\/posts\/408\/revisions"}],"predecessor-version":[{"id":409,"href":"https:\/\/www.lesmotsdecapucine.fr\/index.php\/wp-json\/wp\/v2\/posts\/408\/revisions\/409"}],"wp:attachment":[{"href":"https:\/\/www.lesmotsdecapucine.fr\/index.php\/wp-json\/wp\/v2\/media?parent=408"}],"wp:term":[{"taxonomy":"category","embeddable":true,"href":"https:\/\/www.lesmotsdecapucine.fr\/index.php\/wp-json\/wp\/v2\/categories?post=408"},{"taxonomy":"post_tag","embeddable":true,"href":"https:\/\/www.lesmotsdecapucine.fr\/index.php\/wp-json\/wp\/v2\/tags?post=408"}],"curies":[{"name":"wp","href":"https:\/\/api.w.org\/{rel}","templated":true}]}}