{"id":419,"date":"2022-02-16T16:44:05","date_gmt":"2022-02-16T15:44:05","guid":{"rendered":"https:\/\/www.lesmotsdecapucine.fr\/?p=419"},"modified":"2022-02-16T16:44:05","modified_gmt":"2022-02-16T15:44:05","slug":"vivre-en-pleine-conscience","status":"publish","type":"post","link":"https:\/\/www.lesmotsdecapucine.fr\/index.php\/2022\/02\/16\/vivre-en-pleine-conscience\/","title":{"rendered":"Vivre en pleine conscience"},"content":{"rendered":"\n<p>C\u2019est par exemple vivre des exp\u00e9riences en accueillant l\u2019un de nos sens.\u00a0 Pour aujourd\u2019hui, la vue\u00a0: pour une maman par exemple, c\u2019est regarder son petit quand elle l\u2019allaite ou lui donne le biberon. C\u2019est accueillir par la vue, son b\u00e9b\u00e9, d\u2019abord dans son ensemble, puis dans les d\u00e9tails de sa t\u00eate, de ses mains, des couleurs du v\u00eatement etc.<\/p>\n\n\n\n<p>Tout simplement&nbsp;; et si des pens\u00e9es viennent, la maman le remarque, puis elleles laissent partir pour revenir \u00e0 son b\u00e9b\u00e9 en le regardant.<\/p>\n\n\n\n<p>C\u2019est ainsi que la maman participe \u00e0 la cr\u00e9ation du lien qui se noue avec son nourrisson. L\u2019enfant la regarde, elle regarde le tout petit, ils ne font encore qu\u2019un, symboliquement. ..<\/p>\n","protected":false},"excerpt":{"rendered":"<p>C\u2019est par exemple vivre des exp\u00e9riences en accueillant l\u2019un de nos sens.\u00a0 Pour aujourd\u2019hui, la vue\u00a0: pour une maman par exemple, c\u2019est regarder son petit quand elle l\u2019allaite ou lui donne le biberon. C\u2019est accueillir par la vue, son b\u00e9b\u00e9, d\u2019abord dans son ensemble, puis dans les d\u00e9tails de sa t\u00eate, de ses mains, des&hellip; <br \/> <a class=\"button small blue\" href=\"https:\/\/www.lesmotsdecapucine.fr\/index.php\/2022\/02\/16\/vivre-en-pleine-conscience\/\">Lire la suite<\/a><\/p>\n","protected":false},"author":1,"featured_media":0,"comment_status":"closed","ping_status":"open","sticky":false,"template":"","format":"standard","meta":{"_uag_custom_page_level_css":"","footnotes":""},"categories":[1],"tags":[],"class_list":["post-419","post","type-post","status-publish","format-standard","hentry","category-non-classe"],"uagb_featured_image_src":{"full":false,"thumbnail":false,"medium":false,"medium_large":false,"large":false,"1536x1536":false,"2048x2048":false,"post-thumbnail":false,"one-page-express-full-hd":false},"uagb_author_info":{"display_name":"Les Mots de Capucine","author_link":"https:\/\/www.lesmotsdecapucine.fr\/index.php\/author\/admin92350\/"},"uagb_comment_info":1,"uagb_excerpt":"C\u2019est par exemple vivre des exp\u00e9riences en accueillant l\u2019un de nos sens.\u00a0 Pour aujourd\u2019hui, la vue\u00a0: pour une maman par exemple, c\u2019est regarder son petit quand elle l\u2019allaite ou lui donne le biberon. C\u2019est accueillir par la vue, son b\u00e9b\u00e9, d\u2019abord dans son ensemble, puis dans les d\u00e9tails de sa t\u00eate, de ses mains, des&hellip;\u2026","_links":{"self":[{"href":"https:\/\/www.lesmotsdecapucine.fr\/index.php\/wp-json\/wp\/v2\/posts\/419","targetHints":{"allow":["GET"]}}],"collection":[{"href":"https:\/\/www.lesmotsdecapucine.fr\/index.php\/wp-json\/wp\/v2\/posts"}],"about":[{"href":"https:\/\/www.lesmotsdecapucine.fr\/index.php\/wp-json\/wp\/v2\/types\/post"}],"author":[{"embeddable":true,"href":"https:\/\/www.lesmotsdecapucine.fr\/index.php\/wp-json\/wp\/v2\/users\/1"}],"replies":[{"embeddable":true,"href":"https:\/\/www.lesmotsdecapucine.fr\/index.php\/wp-json\/wp\/v2\/comments?post=419"}],"version-history":[{"count":1,"href":"https:\/\/www.lesmotsdecapucine.fr\/index.php\/wp-json\/wp\/v2\/posts\/419\/revisions"}],"predecessor-version":[{"id":420,"href":"https:\/\/www.lesmotsdecapucine.fr\/index.php\/wp-json\/wp\/v2\/posts\/419\/revisions\/420"}],"wp:attachment":[{"href":"https:\/\/www.lesmotsdecapucine.fr\/index.php\/wp-json\/wp\/v2\/media?parent=419"}],"wp:term":[{"taxonomy":"category","embeddable":true,"href":"https:\/\/www.lesmotsdecapucine.fr\/index.php\/wp-json\/wp\/v2\/categories?post=419"},{"taxonomy":"post_tag","embeddable":true,"href":"https:\/\/www.lesmotsdecapucine.fr\/index.php\/wp-json\/wp\/v2\/tags?post=419"}],"curies":[{"name":"wp","href":"https:\/\/api.w.org\/{rel}","templated":true}]}}